{"id":1439,"date":"2024-10-18T09:46:53","date_gmt":"2024-10-18T09:46:53","guid":{"rendered":"https:\/\/bayburtdernegi.org\/?p=1439"},"modified":"2024-10-18T09:46:53","modified_gmt":"2024-10-18T09:46:53","slug":"bayburt-kultur-ve-yardim-dernegi-esenler-sube-kongresini-yapti","status":"publish","type":"post","link":"https:\/\/bayburtdernegi.org\/index.php\/2024\/10\/18\/bayburt-kultur-ve-yardim-dernegi-esenler-sube-kongresini-yapti\/","title":{"rendered":"Bayburt K\u00fclt\u00fcr ve yard\u0131m Derne\u011fi Esenler \u015fube Kongresini yapt\u0131"},"content":{"rendered":"<h2 class=\"lead text-lg-start text-dark my-2 description\">1947 y\u0131l\u0131nda kurulan T\u00fcrkiye\u2019nin ilk Hem\u015feri Derne\u011fi olan Bayburt K\u00fclt\u00fcr ve yard\u0131m Derne\u011fi \u015eube Kongrelerini yapmaya devam etti.<\/h2>\n<p>Bayburt K\u00fclt\u00fcr ve yard\u0131m Derne\u011fi\u00a0<a class=\"internal_link\" title=\"Esenler \u015eube\" href=\"https:\/\/www.bayburtgundem.com\/haberleri\/esenler-sube\" target=\"_blank\" rel=\"noopener\">Esenler \u015eube<\/a>sinin Kongresi Kadir Topba\u015f K\u00fclt\u00fcr Merkezinde ger\u00e7ekle\u015fti.<\/p>\n<p>Kongre Divan se\u00e7imiyle ba\u015flad\u0131. Kongrede Divan Ba\u015fkanl\u0131\u011f\u0131na Vedat Polat,Divan \u00dcyeliklerine Soner karabulut ve \u00dczeyir oru\u00e7 se\u00e7ildi.<\/p>\n<p>Kongre \u0130stiklal \u015eehitlerimize sayg\u0131 duru\u015fu ve \u0130stiklal Mar\u015f\u0131n\u0131n okunmas\u0131yla ba\u015flad\u0131.<\/p>\n<p>Kongrede Divan Ba\u015fkan\u0131 Vedat Polat Bayburt K\u00fclt\u00fcr ve yard\u0131m Derne\u011fi Genel Ba\u015fkan\u0131 Hicabi Durmu\u015f\u2019un rahats\u0131zl\u0131\u011f\u0131ndan dolay\u0131 kongreye kat\u0131lmad\u0131\u011f\u0131n\u0131 belirtti ve kat\u0131l\u0131m sa\u011flayan herkese te\u015fekk\u00fcrlerini iletti.<\/p>\n<p>Kongreye tek listeyle gidildi. Daha \u00f6ncede Esenler \u015fube Ba\u015fkanl\u0131\u011f\u0131 yapm\u0131\u015f olan Fuat Saka ve y\u00f6netimi oy birli\u011fiyle se\u00e7ildi.<\/p>\n<p>Bayburt K\u00fclt\u00fcr ve yard\u0131m Derne\u011fi Esenler \u015eubesinin yeni ba\u015fkan\u0131 Fuat Saka oldu.<\/p>\n<p>Kongreye MHP Esenler \u0130l\u00e7e Ba\u015fkan\u0131 Alican Erdo\u011fan ve y\u00f6netimi, B\u00fcy\u00fck birlik Partisi Esenler \u0130l\u00e7e Ba\u015fkan\u0131 Mehmet Canpolat, Esenler Esnaf odas\u0131 Ba\u015fkan vekili Soner Karabulut, Esenler Dernekler federasyonu Ba\u015fkan\u0131 \u00dczeyir Oru\u00e7, AK Parti Meclis \u00fcyesi Ekrem Be\u015fkarde\u015f, Esenler Emekliler Dernek Ba\u015fkan\u0131 Abdullah Saka,Bayburt K\u00fclt\u00fcr ve yard\u0131m derne\u011fi y\u00f6neticileri, Bayburt K\u00fclt\u00fcr ve yard\u0131m Derne\u011fi Ba\u011fc\u0131lar \u015eube Ba\u015fkan\u0131 Muharrem Akt\u00fcrk, Bayburt K\u00fclt\u00fcr ve yard\u0131m Derne\u011fi Avc\u0131lar \u015eube Ba\u015fkan\u0131 Sehlan Burak, gazeteciler ve Dernek \u00fcyeleri kat\u0131ld\u0131.<\/p>\n<p>Kongrede MHP Esenler \u0130l\u00e7e Ba\u015fkan\u0131 hem\u015ferilerimize hitap etti ve Bayburtlular\u0131n bu \u00fclkenin \u00e7imentosu oldu\u011funu belirtti.<\/p>\n<p><img fetchpriority=\"high\" decoding=\"async\" class=\"alignnone size-full wp-image-1440\" src=\"https:\/\/bayburtdernegi.org\/wp-content\/uploads\/2024\/10\/esenler-dernek-3.webp\" alt=\"\" width=\"800\" height=\"600\" srcset=\"https:\/\/bayburtdernegi.org\/wp-content\/uploads\/2024\/10\/esenler-dernek-3.webp 800w, https:\/\/bayburtdernegi.org\/wp-content\/uploads\/2024\/10\/esenler-dernek-3-300x225.webp 300w, https:\/\/bayburtdernegi.org\/wp-content\/uploads\/2024\/10\/esenler-dernek-3-768x576.webp 768w, https:\/\/bayburtdernegi.org\/wp-content\/uploads\/2024\/10\/esenler-dernek-3-585x439.webp 585w\" sizes=\"(max-width: 800px) 100vw, 800px\" \/> <img decoding=\"async\" class=\"alignnone size-full wp-image-1441\" src=\"https:\/\/bayburtdernegi.org\/wp-content\/uploads\/2024\/10\/whatsapp-gorsel-2024-09-22-saat-112029-5b1a1129.webp\" alt=\"\" width=\"2048\" height=\"1536\" srcset=\"https:\/\/bayburtdernegi.org\/wp-content\/uploads\/2024\/10\/whatsapp-gorsel-2024-09-22-saat-112029-5b1a1129.webp 2048w, https:\/\/bayburtdernegi.org\/wp-content\/uploads\/2024\/10\/whatsapp-gorsel-2024-09-22-saat-112029-5b1a1129-300x225.webp 300w, https:\/\/bayburtdernegi.org\/wp-content\/uploads\/2024\/10\/whatsapp-gorsel-2024-09-22-saat-112029-5b1a1129-1024x768.webp 1024w, https:\/\/bayburtdernegi.org\/wp-content\/uploads\/2024\/10\/whatsapp-gorsel-2024-09-22-saat-112029-5b1a1129-768x576.webp 768w, https:\/\/bayburtdernegi.org\/wp-content\/uploads\/2024\/10\/whatsapp-gorsel-2024-09-22-saat-112029-5b1a1129-1536x1152.webp 1536w, https:\/\/bayburtdernegi.org\/wp-content\/uploads\/2024\/10\/whatsapp-gorsel-2024-09-22-saat-112029-5b1a1129-1200x900.webp 1200w, https:\/\/bayburtdernegi.org\/wp-content\/uploads\/2024\/10\/whatsapp-gorsel-2024-09-22-saat-112029-5b1a1129-1920x1440.webp 1920w, https:\/\/bayburtdernegi.org\/wp-content\/uploads\/2024\/10\/whatsapp-gorsel-2024-09-22-saat-112029-5b1a1129-1170x878.webp 1170w, https:\/\/bayburtdernegi.org\/wp-content\/uploads\/2024\/10\/whatsapp-gorsel-2024-09-22-saat-112029-5b1a1129-585x439.webp 585w\" sizes=\"(max-width: 2048px) 100vw, 2048px\" \/> <img decoding=\"async\" class=\"alignnone size-full wp-image-1442\" src=\"https:\/\/bayburtdernegi.org\/wp-content\/uploads\/2024\/10\/esenler-dernek-1.webp\" alt=\"\" width=\"800\" height=\"393\" srcset=\"https:\/\/bayburtdernegi.org\/wp-content\/uploads\/2024\/10\/esenler-dernek-1.webp 800w, https:\/\/bayburtdernegi.org\/wp-content\/uploads\/2024\/10\/esenler-dernek-1-300x147.webp 300w, https:\/\/bayburtdernegi.org\/wp-content\/uploads\/2024\/10\/esenler-dernek-1-768x377.webp 768w, https:\/\/bayburtdernegi.org\/wp-content\/uploads\/2024\/10\/esenler-dernek-1-585x287.webp 585w\" sizes=\"(max-width: 800px) 100vw, 800px\" \/><\/p>\n","protected":false},"excerpt":{"rendered":"<p>1947 y\u0131l\u0131nda kurulan T\u00fcrkiye\u2019nin ilk Hem\u015feri Derne\u011fi olan Bayburt K\u00fclt\u00fcr ve yard\u0131m Derne\u011fi \u015eube Kongrelerini&hellip;<\/p>\n","protected":false},"author":1,"featured_media":1443,"comment_status":"open","ping_status":"open","sticky":false,"template":"","format":"standard","meta":{"footnotes":""},"categories":[35],"tags":[],"class_list":["post-1439","post","type-post","status-publish","format-standard","has-post-thumbnail","hentry","category-haberler"],"_links":{"self":[{"href":"https:\/\/bayburtdernegi.org\/index.php\/wp-json\/wp\/v2\/posts\/1439","targetHints":{"allow":["GET"]}}],"collection":[{"href":"https:\/\/bayburtdernegi.org\/index.php\/wp-json\/wp\/v2\/posts"}],"about":[{"href":"https:\/\/bayburtdernegi.org\/index.php\/wp-json\/wp\/v2\/types\/post"}],"author":[{"embeddable":true,"href":"https:\/\/bayburtdernegi.org\/index.php\/wp-json\/wp\/v2\/users\/1"}],"replies":[{"embeddable":true,"href":"https:\/\/bayburtdernegi.org\/index.php\/wp-json\/wp\/v2\/comments?post=1439"}],"version-history":[{"count":1,"href":"https:\/\/bayburtdernegi.org\/index.php\/wp-json\/wp\/v2\/posts\/1439\/revisions"}],"predecessor-version":[{"id":1444,"href":"https:\/\/bayburtdernegi.org\/index.php\/wp-json\/wp\/v2\/posts\/1439\/revisions\/1444"}],"wp:featuredmedia":[{"embeddable":true,"href":"https:\/\/bayburtdernegi.org\/index.php\/wp-json\/wp\/v2\/media\/1443"}],"wp:attachment":[{"href":"https:\/\/bayburtdernegi.org\/index.php\/wp-json\/wp\/v2\/media?parent=1439"}],"wp:term":[{"taxonomy":"category","embeddable":true,"href":"https:\/\/bayburtdernegi.org\/index.php\/wp-json\/wp\/v2\/categories?post=1439"},{"taxonomy":"post_tag","embeddable":true,"href":"https:\/\/bayburtdernegi.org\/index.php\/wp-json\/wp\/v2\/tags?post=1439"}],"curies":[{"name":"wp","href":"https:\/\/api.w.org\/{rel}","templated":true}]}}