{"id":1425,"date":"2024-10-18T09:38:48","date_gmt":"2024-10-18T09:38:48","guid":{"rendered":"https:\/\/bayburtdernegi.org\/?p=1425"},"modified":"2024-10-18T09:38:48","modified_gmt":"2024-10-18T09:38:48","slug":"bayburt-kultur-ve-yardim-dernegi-avcilar-kongresini-yapti","status":"publish","type":"post","link":"https:\/\/bayburtdernegi.org\/index.php\/2024\/10\/18\/bayburt-kultur-ve-yardim-dernegi-avcilar-kongresini-yapti\/","title":{"rendered":"Bayburt K\u00fclt\u00fcr ve yard\u0131m Derne\u011fi Avc\u0131lar Kongresini yapt\u0131"},"content":{"rendered":"<h2 class=\"lead text-lg-start text-dark my-2 description\">Bayburt K\u00fclt\u00fcr ve Yard\u0131m Derne\u011fi \u015eube Kongrelerinin ikincisini Avc\u0131lar \u015eubesinde ger\u00e7ekle\u015ftirdi.<\/h2>\n<p>\u0130lk \u00f6nce Divan Ba\u015fkanl\u0131\u011f\u0131 se\u00e7imi yap\u0131ld\u0131. Divan Ba\u015fkanl\u0131\u011f\u0131na Hakan Polattimur,Divan \u00dcyeliklerine Zafer Atasoy ve Muammer \u0130nci se\u00e7ildi.<\/p>\n<p>\u015eehitlerimize sayg\u0131 duru\u015fu ve \u0130stiklal Mar\u015f\u0131n\u0131n ard\u0131ndan \u015eube Ba\u015fkan\u0131 Hayrettin \u015eim\u015fek a\u00e7\u0131l\u0131\u015f konu\u015fmas\u0131 yapt\u0131.<\/p>\n<p>\u015eim\u015fek konu\u015fmas\u0131nda:Elimizden geldi\u011fince\u00a0<a class=\"internal_link\" title=\"Bayburt\" href=\"https:\/\/www.bayburtgundem.com\/haberleri\/bayburt\" target=\"_blank\" rel=\"noopener\">Bayburt<\/a>\u00a0K\u00fclt\u00fcr ve yard\u0131m Derne\u011fini temsil etmeye \u00e7al\u0131\u015ft\u0131k.Ba\u015fkanl\u0131\u011f\u0131m s\u00fcrecinde bana ve y\u00f6netimime her daim Maddi ve manevi desteklerini esirgemeyen Y\u00f6netim kuruluna i\u015fadamlar\u0131m\u0131za ve \u00f6zellikle Y\u00fcksel \u00c7\u0131nar Abime te\u015fekk\u00fcr ediyorum dedi.<\/p>\n<p><strong>Bayburt K\u00fclt\u00fcr ve yard\u0131m Derne\u011finin yeni Ba\u015fkan\u0131 bir \u00f6nceki d\u00f6nem \u015fube Ba\u015fkan\u0131\u00a0<a class=\"internal_link\" title=\"Sehlan Burak\" href=\"https:\/\/www.bayburtgundem.com\/haberleri\/sehlan-burak\" target=\"_blank\" rel=\"noopener\">Sehlan Burak<\/a>\u00a0yeniden se\u00e7ildi.<\/strong><\/p>\n<p>Ba\u015fkan\u0131n konu\u015fmas\u0131ndan sonra se\u00e7ime gidildi. Se\u00e7imde aday oldu\u011funu a\u00e7\u0131klayan,Derne\u011fin bir \u00f6nceki Ba\u015fkan\u0131 Sehlan Burak ve y\u00f6netimi oy birli\u011fiyle ,Bayburt K\u00fclt\u00fcr ve yard\u0131m Derne\u011fi\u00a0<a class=\"internal_link\" title=\"Avc\u0131lar \u015eube\" href=\"https:\/\/www.bayburtgundem.com\/haberleri\/avcilar-sube\" target=\"_blank\" rel=\"noopener\">Avc\u0131lar \u015eube<\/a>\u00a0Ba\u015fkanl\u0131\u011f\u0131na se\u00e7ildi.<\/p>\n","protected":false},"excerpt":{"rendered":"<p>Bayburt K\u00fclt\u00fcr ve Yard\u0131m Derne\u011fi \u015eube Kongrelerinin ikincisini Avc\u0131lar \u015eubesinde ger\u00e7ekle\u015ftirdi. \u0130lk \u00f6nce Divan Ba\u015fkanl\u0131\u011f\u0131&hellip;<\/p>\n","protected":false},"author":1,"featured_media":1426,"comment_status":"open","ping_status":"open","sticky":false,"template":"","format":"standard","meta":{"footnotes":""},"categories":[35],"tags":[],"class_list":["post-1425","post","type-post","status-publish","format-standard","has-post-thumbnail","hentry","category-haberler"],"_links":{"self":[{"href":"https:\/\/bayburtdernegi.org\/index.php\/wp-json\/wp\/v2\/posts\/1425","targetHints":{"allow":["GET"]}}],"collection":[{"href":"https:\/\/bayburtdernegi.org\/index.php\/wp-json\/wp\/v2\/posts"}],"about":[{"href":"https:\/\/bayburtdernegi.org\/index.php\/wp-json\/wp\/v2\/types\/post"}],"author":[{"embeddable":true,"href":"https:\/\/bayburtdernegi.org\/index.php\/wp-json\/wp\/v2\/users\/1"}],"replies":[{"embeddable":true,"href":"https:\/\/bayburtdernegi.org\/index.php\/wp-json\/wp\/v2\/comments?post=1425"}],"version-history":[{"count":1,"href":"https:\/\/bayburtdernegi.org\/index.php\/wp-json\/wp\/v2\/posts\/1425\/revisions"}],"predecessor-version":[{"id":1427,"href":"https:\/\/bayburtdernegi.org\/index.php\/wp-json\/wp\/v2\/posts\/1425\/revisions\/1427"}],"wp:featuredmedia":[{"embeddable":true,"href":"https:\/\/bayburtdernegi.org\/index.php\/wp-json\/wp\/v2\/media\/1426"}],"wp:attachment":[{"href":"https:\/\/bayburtdernegi.org\/index.php\/wp-json\/wp\/v2\/media?parent=1425"}],"wp:term":[{"taxonomy":"category","embeddable":true,"href":"https:\/\/bayburtdernegi.org\/index.php\/wp-json\/wp\/v2\/categories?post=1425"},{"taxonomy":"post_tag","embeddable":true,"href":"https:\/\/bayburtdernegi.org\/index.php\/wp-json\/wp\/v2\/tags?post=1425"}],"curies":[{"name":"wp","href":"https:\/\/api.w.org\/{rel}","templated":true}]}}